{"id":3786,"date":"2024-01-18T15:01:46","date_gmt":"2024-01-18T14:01:46","guid":{"rendered":"http:\/\/www.chorale-aideo.fr\/?p=3786"},"modified":"2024-03-09T12:09:23","modified_gmt":"2024-03-09T11:09:23","slug":"ca-du-14-novembre-2024","status":"publish","type":"post","link":"https:\/\/www.chorale-aideo.fr\/index.php\/2024\/01\/18\/ca-du-14-novembre-2024\/","title":{"rendered":"CA du 14 novembre 2023"},"content":{"rendered":"\n<p class=\"has-text-align-center\"><strong>Conseil d\u2019administration du mardi 14 novembre (18H45-20H15)<\/strong><\/p>\n\n\n\n<p>pr\u00e9sents : tous les membres : Guillaume \u2013 Gilles \u2013 \u00c9lisabeth \u2013 S\u00e9verine \u2013 Maryse \u2013 Ir\u00e8ne \u2013Jacques \u2013 Nadine \u2013 Fabienne \u2013 Marie-Annick \u2013 Anne-Marie<\/p>\n\n\n\n<p><strong>1. Approbation du CR de l&#8217;AG, pour publication interne<\/strong><\/p>\n\n\n\n<p>Le CR est approuv\u00e9. Il est d\u00e9cid\u00e9 qu\u2019il est r\u00e9dig\u00e9 par les secr\u00e9taires, valid\u00e9 par le Pr\u00e9sident, et publi\u00e9 sans avoir besoin de la validation de tout le CA . Guillaume compl\u00e8te des \u00e9l\u00e9ments manquants avant qu&#8217;il ne soit d\u00e9pos\u00e9 sur le site.<\/p>\n\n\n\n<p><strong>2. Point sur les cotisations<\/strong><\/p>\n\n\n\n<p>Jacques a envoy\u00e9 un mail \u00e0 Tutti avec les coordonn\u00e9es bancaires de la banque et une fiche de renseignements \u00e0 remplir. Penser \u00e0 le rappeler aux choristes ce soir. Il faudra aussi faire signer aux nouveaux choristes les contrats d\u2019adh\u00e9sion ( Nadine en apporte la semaine prochaine ) .<\/p>\n\n\n\n<p><strong>3. Validation des r\u00f4les au CA pour la saison 2023-24<\/strong><\/p>\n\n\n\n<p><em>Pr\u00e9sident : Guillaume Henri<\/em><\/p>\n\n\n\n<p><em>Vice-pr\u00e9sident : Gilles Laumonier<\/em><\/p>\n\n\n\n<p><em>Tr\u00e9sorier : Jacques Cacitti<\/em><\/p>\n\n\n\n<p><em>Tr\u00e9sori\u00e8re-adjointe : Fabienne Perron<\/em> <\/p>\n\n\n\n<p><em>Secr\u00e9taire : Nadine Larsonneur<\/em><\/p>\n\n\n\n<p><em>Secr\u00e9taire adjointe : Maryse Dubuc<\/em><\/p>\n\n\n\n<p>Communication : Ir\u00e8ne Blohorn<\/p>\n\n\n\n<p>Gestion du site Internet : S\u00e9verine &#8211; Ir\u00e8ne &#8211; Gilles &#8211; Guillaume<\/p>\n\n\n\n<p>F\u00eates : \u00c9lisabeth &#8211; Anne Marie &#8211; Marie Annick<\/p>\n\n\n\n<p>Concerts\/Stages : S\u00e9verine &#8211; Anne Marie<\/p>\n\n\n\n<p>\u00c9changes : S\u00e9verine &#8211; Marie Annick<\/p>\n\n\n\n<p>Mise en espace \u00e9ventuelle des chants : Maryse &#8211; Anne Marie<\/p>\n\n\n\n<p><strong>4. Adresse de Ludivine Bochet si besoin (Administration de l\u2019\u00e9cole de musique)<\/strong><\/p>\n\n\n\n<p>Pour toute demande (r\u00e9servation de salle etc ..), il faut lui envoyer un mail \u00e0 l\u2019adresse suivante : lbochet@herouville.net<\/p>\n\n\n\n<p><strong>5. \u00c9change avec la chorale de Lo\u00efc \u00e0 Saint Evarzec ( Bretagne )<\/strong><\/p>\n\n\n\n<p>L\u2019AG de la chorale de St Evarzec a eu lieu le 13 novembre et ils ont d\u00e9cid\u00e9 de surseoir \u00e0 l\u2019\u00e9change cette ann\u00e9e ( la chorale n\u2019est pas pr\u00eate, le chef de ch\u0153ur vient de changer.) Un \u00e9change pourrait \u00eatre envisag\u00e9 pour l\u2019an prochain mais il faudra r\u00e9fl\u00e9chir \u00e0 la p\u00e9riode la plus propice pour que le maximum de choristes puisse participer (le weekend de l\u2019Ascension envisag\u00e9 \u00e0 l\u2019origine ne semble pas remporter l\u2019adh\u00e9sion) .<\/p>\n\n\n\n<p>\u00c9lisabeth fait remarquer que H\u00e9rouville est jumel\u00e9e avec Garbsen, qu\u2019il y a eu des \u00e9changes avec Aideo il y a tr\u00e8s longtemps, et qu\u2019on pourrait aussi relancer cette piste &#8230;<\/p>\n\n\n\n<p><strong>6. Un stage d\u2019ici juin?<\/strong><\/p>\n\n\n\n<p>Marie Annick demande si un stage pourrait avoir lieu, maintenant que nous avons trouv\u00e9 une cheffe de ch\u0153ur pour l\u2019ann\u00e9e. ( Rappel: stage du 25 novembre annul\u00e9 en septembre apr\u00e8s la d\u00e9mission d\u2019Aline )<\/p>\n\n\n\n<p>Il faudrait d\u2019abord demander \u00e0 C\u00e9cile ce qu\u2019elle en pense .<\/p>\n\n\n\n<p>&#8211; Avec quel intervenant? (S\u00e9verine fait remarquer que les intervenants sont souvent tr\u00e8s pris et doivent \u00eatre r\u00e9serv\u00e9s bien en amont du stage .)<\/p>\n\n\n\n<p>&#8211; Sans intervenant?<\/p>\n\n\n\n<p>&#8211; Sur une demi journ\u00e9e? (avec pique nique ensemble et randonn\u00e9e ensuite? )<\/p>\n\n\n\n<p>&#8211; Sur une journ\u00e9e?<\/p>\n\n\n\n<p>&#8211; Dans quel lieu?<\/p>\n\n\n\n<p class=\"has-blue-color has-text-color\"><em>Nous en \u00e9changerons au prochain CA<\/em>.<\/p>\n\n\n\n<p><strong>7. Convention entre Aideo et C\u00e9cile Dumeige<\/strong><\/p>\n\n\n\n<p>Jacques fait part d\u2019un probl\u00e8me avec l\u2019URSSAF : Il a ferm\u00e9 le compte apr\u00e8s la d\u00e9mission de Marie car Aline Zanutel, cheffe de ch\u0153ur pr\u00e9sum\u00e9e pour 2023-24, \u00e9tait auto-entrepreneuse. Mais il faudrait r\u00e9activer le compte pour C\u00e9cile, ce qui est impossible par internet. Jacques et Guillaume vont donc tenter de prendre RV directement \u00e0 l\u2019URSSAF pour essayer de r\u00e9soudre le probl\u00e8me. C\u00e9cile est r\u00e9mun\u00e9r\u00e9e sur la base de 50 \u20ac par r\u00e9p\u00e9tition.<\/p>\n\n\n\n<p><strong>8. Trombinoscope le 28 novembre \u00e0 20h15, en tenue !<\/strong><\/p>\n\n\n\n<p>Les absents ne seront pas ajout\u00e9s sur le trombinoscope (cela prend trop de temps ). Les secr\u00e9taires devront rappeler quelques jours avant par mail l\u2019heure et la n\u00e9cessit\u00e9 de la tenue.<\/p>\n\n\n\n<p><strong>9. Qui pr\u00e9venir en cas d\u2019absence?<\/strong><\/p>\n\n\n\n<p>Pour \u00e9viter qu\u2019un choriste envoie un mail \u00e0 Tutti pour pr\u00e9venir et expliquer son absence, nous renouvelons le fonctionnement de l\u2019an dernier : les choristes envoient un SMS \u00e0 Gilles                   ( 0614915883 ) qui transmettra \u00e0 C\u00e9cile.<\/p>\n\n\n\n<p><strong>10. F\u00eate du 19 d\u00e9cembre : quel lieu?<\/strong><\/p>\n\n\n\n<p>La salle du temps libre est prise, la petite salle de la Fonderie est disponible.\u00c9lisabeth r\u00e9serve.<\/p>\n\n\n\n<p><strong>11. Prochain CA : mardi 23 janvier, 18h45<\/strong><\/p>\n\n\n\n<p>La s\u00e9ance est close \u00e0 20H20.<\/p>\n","protected":false},"excerpt":{"rendered":"<p>Conseil d\u2019administration du mardi 14 novembre (18H45-20H15) pr\u00e9sents : tous les membres : Guillaume \u2013 Gilles \u2013 \u00c9lisabeth \u2013 S\u00e9verine \u2013 Maryse \u2013 Ir\u00e8ne \u2013Jacques \u2013 Nadine \u2013 Fabienne \u2013 Marie-Annick \u2013 Anne-Marie 1. Approbation du CR de l&#8217;AG, pour [&hellip;]<\/p>\n","protected":false},"author":7,"featured_media":0,"comment_status":"open","ping_status":"open","sticky":false,"template":"","format":"standard","meta":{"footnotes":""},"categories":[9],"tags":[],"class_list":["post-3786","post","type-post","status-publish","format-standard","hentry","category-cr-ca"],"_links":{"self":[{"href":"https:\/\/www.chorale-aideo.fr\/index.php\/wp-json\/wp\/v2\/posts\/3786","targetHints":{"allow":["GET"]}}],"collection":[{"href":"https:\/\/www.chorale-aideo.fr\/index.php\/wp-json\/wp\/v2\/posts"}],"about":[{"href":"https:\/\/www.chorale-aideo.fr\/index.php\/wp-json\/wp\/v2\/types\/post"}],"author":[{"embeddable":true,"href":"https:\/\/www.chorale-aideo.fr\/index.php\/wp-json\/wp\/v2\/users\/7"}],"replies":[{"embeddable":true,"href":"https:\/\/www.chorale-aideo.fr\/index.php\/wp-json\/wp\/v2\/comments?post=3786"}],"version-history":[{"count":4,"href":"https:\/\/www.chorale-aideo.fr\/index.php\/wp-json\/wp\/v2\/posts\/3786\/revisions"}],"predecessor-version":[{"id":3804,"href":"https:\/\/www.chorale-aideo.fr\/index.php\/wp-json\/wp\/v2\/posts\/3786\/revisions\/3804"}],"wp:attachment":[{"href":"https:\/\/www.chorale-aideo.fr\/index.php\/wp-json\/wp\/v2\/media?parent=3786"}],"wp:term":[{"taxonomy":"category","embeddable":true,"href":"https:\/\/www.chorale-aideo.fr\/index.php\/wp-json\/wp\/v2\/categories?post=3786"},{"taxonomy":"post_tag","embeddable":true,"href":"https:\/\/www.chorale-aideo.fr\/index.php\/wp-json\/wp\/v2\/tags?post=3786"}],"curies":[{"name":"wp","href":"https:\/\/api.w.org\/{rel}","templated":true}]}}